{"id":3390,"date":"2025-03-14T11:20:19","date_gmt":"2025-03-14T16:20:19","guid":{"rendered":"https:\/\/www.gadmsucumbios.gob.ec\/web\/?p=3390"},"modified":"2025-03-17T12:39:32","modified_gmt":"2025-03-17T17:39:32","slug":"feria-inclusiva-2025","status":"publish","type":"post","link":"https:\/\/www.gadmsucumbios.gob.ec\/web\/feria-inclusiva-2025\/","title":{"rendered":"Feria Inclusiva 2025"},"content":{"rendered":"\n<figure class=\"wp-block-image size-large\"><img loading=\"lazy\" decoding=\"async\" width=\"1024\" height=\"619\" src=\"https:\/\/www.gadmsucumbios.gob.ec\/web\/wp-content\/uploads\/2025\/03\/feria-2025-1024x619.png\" alt=\"\" class=\"wp-image-3391\" srcset=\"https:\/\/www.gadmsucumbios.gob.ec\/web\/wp-content\/uploads\/2025\/03\/feria-2025-1024x619.png 1024w, https:\/\/www.gadmsucumbios.gob.ec\/web\/wp-content\/uploads\/2025\/03\/feria-2025-300x181.png 300w, https:\/\/www.gadmsucumbios.gob.ec\/web\/wp-content\/uploads\/2025\/03\/feria-2025-768x464.png 768w, https:\/\/www.gadmsucumbios.gob.ec\/web\/wp-content\/uploads\/2025\/03\/feria-2025-280x169.png 280w, https:\/\/www.gadmsucumbios.gob.ec\/web\/wp-content\/uploads\/2025\/03\/feria-2025.png 1033w\" sizes=\"auto, (max-width: 1024px) 100vw, 1024px\" \/><\/figure>\n","protected":false},"excerpt":{"rendered":"<p>El Gobierno Aut\u00f3nomo Descentralizado Municipal del Cant\u00f3n Sucumb\u00edos invita a todas las personas naturales o jur\u00eddicas, ya sea de manera individual o a trav\u00e9s de asociaciones, consorcios o por compromiso de asociaci\u00f3n, que est\u00e9n domiciliadas en el Cant\u00f3n Sucumb\u00edos, para la presentaci\u00f3n de ofertas relacionadas con la contrataci\u00f3n de Adquisici\u00f3n de <\/p>\n","protected":false},"author":1,"featured_media":3391,"comment_status":"closed","ping_status":"closed","sticky":false,"template":"","format":"standard","meta":{"footnotes":""},"categories":[533],"tags":[],"class_list":["post-3390","post","type-post","status-publish","format-standard","has-post-thumbnail","hentry","category-ferias-inclusivas"],"_links":{"self":[{"href":"https:\/\/www.gadmsucumbios.gob.ec\/web\/wp-json\/wp\/v2\/posts\/3390","targetHints":{"allow":["GET"]}}],"collection":[{"href":"https:\/\/www.gadmsucumbios.gob.ec\/web\/wp-json\/wp\/v2\/posts"}],"about":[{"href":"https:\/\/www.gadmsucumbios.gob.ec\/web\/wp-json\/wp\/v2\/types\/post"}],"author":[{"embeddable":true,"href":"https:\/\/www.gadmsucumbios.gob.ec\/web\/wp-json\/wp\/v2\/users\/1"}],"replies":[{"embeddable":true,"href":"https:\/\/www.gadmsucumbios.gob.ec\/web\/wp-json\/wp\/v2\/comments?post=3390"}],"version-history":[{"count":3,"href":"https:\/\/www.gadmsucumbios.gob.ec\/web\/wp-json\/wp\/v2\/posts\/3390\/revisions"}],"predecessor-version":[{"id":3395,"href":"https:\/\/www.gadmsucumbios.gob.ec\/web\/wp-json\/wp\/v2\/posts\/3390\/revisions\/3395"}],"wp:featuredmedia":[{"embeddable":true,"href":"https:\/\/www.gadmsucumbios.gob.ec\/web\/wp-json\/wp\/v2\/media\/3391"}],"wp:attachment":[{"href":"https:\/\/www.gadmsucumbios.gob.ec\/web\/wp-json\/wp\/v2\/media?parent=3390"}],"wp:term":[{"taxonomy":"category","embeddable":true,"href":"https:\/\/www.gadmsucumbios.gob.ec\/web\/wp-json\/wp\/v2\/categories?post=3390"},{"taxonomy":"post_tag","embeddable":true,"href":"https:\/\/www.gadmsucumbios.gob.ec\/web\/wp-json\/wp\/v2\/tags?post=3390"}],"curies":[{"name":"wp","href":"https:\/\/api.w.org\/{rel}","templated":true}]}}